{"id":6628,"date":"2023-10-04T10:11:19","date_gmt":"2023-10-04T08:11:19","guid":{"rendered":"https:\/\/publigo.pl\/blog\/?p=6628"},"modified":"2026-02-13T11:23:53","modified_gmt":"2026-02-13T10:23:53","slug":"zalecane-wymiary-grafik-w-publigo","status":"publish","type":"post","link":"https:\/\/publigo.pl\/blog\/zalecane-wymiary-grafik-w-publigo\/","title":{"rendered":"Zalecane wymiary grafik w Publigo"},"content":{"rendered":"\n<p>Cz\u0119sto pytacie nas o zalecany wymiary grafik, kt\u00f3re mo\u017cna wgra\u0107 do Publigo. Postanowili\u015bmy wi\u0119c przyjrze\u0107 si\u0119 temu zagadnieniu i zaktualizowa\u0107 informacje, aby odpowiada\u0142y obecnym standardom rozdzielczo\u015bci i mia\u0142y pozytywny wp\u0142yw na odbi\u00f3r wizualny waszych kurs\u00f3w. Ale na pocz\u0105tek\u2026 disclaimer.<\/p>\n\n\n\n<!--more-->\n\n\n\n<h2 class=\"wp-block-heading\">\u201cU mnie dzia\u0142a\u201d\u2026 czy musz\u0119 teraz zmienia\u0107 wszystkie obrazki?<\/h2>\n\n\n\n<p>Oczywi\u015bcie, \u017ce nie! Je\u015bli wgrane przez Ciebie obrazki wy\u015bwietlaj\u0105 si\u0119 poprawnie zar\u00f3wno na ekranach monitor\u00f3w, jak i na urz\u0105dzeniach przeno\u015bnych (tabletach, smartfonach), to absolutnie nie musisz si\u0119 niczym martwi\u0107. Twoje grafiki b\u0119d\u0105 wy\u015bwietla\u0107 si\u0119 tak, jak dotychczas.<\/p>\n\n\n\n<p>Kolejn\u0105 istotn\u0105 informacj\u0105 jest to, \u017ce nasze zalecenia nie dotycz\u0105 jedynie kurs\u00f3w, ale r\u00f3wnie\u017c <strong>produkt\u00f3w fizycznych i us\u0142ug<\/strong>. Bez wzgl\u0119du na to, jakie produkty sprzedajesz przy pomocy Publigo, nasze rekomendowane wymiary grafik dotycz\u0105 ich wszystkich.<\/p>\n\n\n\n<h2 class=\"wp-block-heading\">Rekomendowane wymiary plik\u00f3w graficznych<\/h2>\n\n\n\n<h3 class=\"wp-block-heading\"><strong>Miniatura kursu &#8211; 800x450px<\/strong><\/h3>\n\n\n\n<p>Miniaturka kursu to pierwszy element, kt\u00f3ry przyci\u0105gnie uwag\u0119 Twoich potencjalnych kursant\u00f3w. Rozmiar 800x450px zapewni dobr\u0105 jako\u015b\u0107 obrazu i czytelno\u015b\u0107 na r\u00f3\u017cnych urz\u0105dzeniach.<\/p>\n\n\n<div class=\"wp-block-image\">\n<figure class=\"aligncenter size-large\"><img loading=\"lazy\" decoding=\"async\" width=\"1024\" height=\"576\" src=\"https:\/\/publigo.pl\/blog\/wp-content\/uploads\/2023\/10\/Screenshot_12-1024x576.png\" alt=\"\" class=\"wp-image-6629\" srcset=\"https:\/\/publigo.pl\/blog\/wp-content\/uploads\/2023\/10\/Screenshot_12-1024x576.png 1024w, https:\/\/publigo.pl\/blog\/wp-content\/uploads\/2023\/10\/Screenshot_12-300x169.png 300w, https:\/\/publigo.pl\/blog\/wp-content\/uploads\/2023\/10\/Screenshot_12-768x432.png 768w, https:\/\/publigo.pl\/blog\/wp-content\/uploads\/2023\/10\/Screenshot_12.png 1200w\" sizes=\"auto, (max-width: 1024px) 100vw, 1024px\" \/><figcaption class=\"wp-element-caption\">Miniatury kursu w panelu g\u0142\u00f3wnym<\/figcaption><\/figure>\n<\/div>\n\n\n<p><strong>Gdzie wgra\u0107 miniatur\u0119 kursu?<\/strong><\/p>\n\n\n\n<ul class=\"wp-block-list\">\n<li>Wejd\u017a w zak\u0142adk\u0119 <strong>Kursy<\/strong><\/li>\n\n\n\n<li><strong>Edytuj kurs <\/strong>i przejd\u017a do zak\u0142adki <strong>Podstawowe<\/strong><\/li>\n\n\n\n<li>Wgraj obrazek w sekcji: <strong>Miniaturka kursu<\/strong><\/li>\n<\/ul>\n\n\n\n<h3 class=\"wp-block-heading\"><strong>Logo Kursu &#8211; 42x42px lub 84x42px<\/strong><\/h3>\n\n\n\n<p>Logo kursu jest kluczowe dla identyfikacji kursu. Wy\u015bwietli si\u0119 ono po wej\u015bciu w panel kursu (po zalogowaniu do panelu klienta). Tutaj dajemy dwie opcje do wyboru, mo\u017cesz wybra\u0107 rozmiar 42x42px lub 84x42px. <\/p>\n\n\n\n<p>Pami\u0119taj jednak, \u017ce ze wzgl\u0119du na niewielki rozmiar tych p\u00f3l, nie zalecamy stosowania grafik wype\u0142nionych wieloma detalami b\u0105d\u017a tekstem. Nie b\u0119d\u0105 one dobrze widoczne.&nbsp;<\/p>\n\n\n\n<p><strong>Gdzie wgra\u0107 logo kursu?<\/strong><\/p>\n\n\n\n<ul class=\"wp-block-list\">\n<li>Wejd\u017a w zak\u0142adk\u0119 <strong>Kursy<\/strong><\/li>\n\n\n\n<li><strong>Edytuj kurs<\/strong> i przejd\u017a do zak\u0142adki <strong>Podstawowe<\/strong><\/li>\n\n\n\n<li>Wgraj obrazek w sekcji: <strong>Logo kursu<\/strong><\/li>\n<\/ul>\n\n\n\n<h3 class=\"wp-block-heading\"><strong>Baner kursu  &#8211; 1950 x 647px<\/strong><\/h3>\n\n\n\n<p>Baner kursu to wi\u0119ksza grafika, kt\u00f3ra mo\u017ce zawiera\u0107 dodatkowe informacje o kursie. Format 1950x647px daje du\u017c\u0105 przestrze\u0144 do prezentacji tre\u015bci. <\/p>\n\n\n\n<p><strong>Pami\u0119taj! <\/strong>Nie umieszczaj szczeg\u00f3\u0142owych tre\u015bci blisko kraw\u0119dzi grafiki. Zachowaj tzw. \u201csafe zone\u201d. Dzi\u0119ki temu zapobiegniesz ucinaniu istotnych tre\u015bci na mniejszych ekranach.<\/p>\n\n\n<div class=\"wp-block-image\">\n<figure class=\"aligncenter size-full\"><img loading=\"lazy\" decoding=\"async\" width=\"940\" height=\"770\" src=\"https:\/\/publigo.pl\/blog\/wp-content\/uploads\/2023\/10\/Screenshot_13.png\" alt=\"\" class=\"wp-image-6630\" srcset=\"https:\/\/publigo.pl\/blog\/wp-content\/uploads\/2023\/10\/Screenshot_13.png 940w, https:\/\/publigo.pl\/blog\/wp-content\/uploads\/2023\/10\/Screenshot_13-300x246.png 300w, https:\/\/publigo.pl\/blog\/wp-content\/uploads\/2023\/10\/Screenshot_13-768x629.png 768w\" sizes=\"auto, (max-width: 940px) 100vw, 940px\" \/><figcaption class=\"wp-element-caption\">Banery kurs\u00f3w w Publigo<\/figcaption><\/figure>\n<\/div>\n\n\n<p><strong>Gdzie wgra\u0107 baner kursu?<\/strong><\/p>\n\n\n\n<ul class=\"wp-block-list\">\n<li>Wejd\u017a w zak\u0142adk\u0119 <strong>Kursy<\/strong><\/li>\n\n\n\n<li><strong>Edytuj kurs<\/strong> i przejd\u017a do zak\u0142adki <strong>Graficzne<\/strong><\/li>\n\n\n\n<li>Wgraj obrazek w sekcji: Baner kursu<\/li>\n<\/ul>\n\n\n\n<h3 class=\"wp-block-heading\"><strong>Miniatura (obrazek wyr\u00f3\u017cniaj\u0105cy) modu\u0142u oraz lekcji &#8211; 480x270px<\/strong><\/h3>\n\n\n\n<p>Te obrazki pomagaj\u0105 przedstawi\u0107 wizualnie tematyk\u0119 danej sekcji kursu. W obu przypadkach zalecamy taki sam wymiar, jak miniatura kursu, czyli 480x270px. <\/p>\n\n\n\n<p><strong>Uwaga<\/strong>: w przypadku miniatury modu\u0142u oraz lekcji istnieje mo\u017cliwo\u015b\u0107 wgrania grafiki o proporcjach 1:1, wtedy zalecane wymiary powinny wynosi\u0107 <strong>480x480px.<\/strong><\/p>\n\n\n<div class=\"wp-block-image\">\n<figure class=\"aligncenter size-full\"><img loading=\"lazy\" decoding=\"async\" width=\"940\" height=\"770\" src=\"https:\/\/publigo.pl\/blog\/wp-content\/uploads\/2023\/10\/Screenshot_14.png\" alt=\"\" class=\"wp-image-6631\" srcset=\"https:\/\/publigo.pl\/blog\/wp-content\/uploads\/2023\/10\/Screenshot_14.png 940w, https:\/\/publigo.pl\/blog\/wp-content\/uploads\/2023\/10\/Screenshot_14-300x246.png 300w, https:\/\/publigo.pl\/blog\/wp-content\/uploads\/2023\/10\/Screenshot_14-768x629.png 768w\" sizes=\"auto, (max-width: 940px) 100vw, 940px\" \/><figcaption class=\"wp-element-caption\">Przyk\u0142adowe miniatury lekcji<\/figcaption><\/figure>\n<\/div>\n\n\n<p><strong>Gdzie wgra\u0107 miniatur\u0119 modu\u0142u lub lekcji?<\/strong><\/p>\n\n\n\n<ul class=\"wp-block-list\">\n<li>Wejd\u017a w zak\u0142adk\u0119 <strong>Kursy<\/strong><\/li>\n\n\n\n<li><strong>Edytuj kurs<\/strong>, w kt\u00f3rym chcesz zmieni\u0107 obrazek<\/li>\n\n\n\n<li><strong>Edytuj lekcj\u0119<\/strong> \/ <strong>modu\u0142, <\/strong>w kt\u00f3rym chcesz zmieni\u0107 obrazek<\/li>\n\n\n\n<li>Wgraj grafik\u0119 w polu po prawej stronie o nazwie <strong>Obrazek wyr\u00f3\u017cniaj\u0105cy<\/strong><\/li>\n\n\n\n<li>Pami\u0119taj, by <strong>zapisa\u0107 zmiany!<\/strong><\/li>\n<\/ul>\n\n\n\n<h3 class=\"wp-block-heading\"><strong>Logo platformy &#8211; 42x42px lub 84x42px<\/strong><\/h3>\n\n\n\n<p>Logo Publigo jest elementem automatycznie wgranym do Twojej platformy. Je\u015bli jednak chcesz doda\u0107 swoje logo, wybierz rozmiar 42x42px lub 84x42px.<\/p>\n\n\n\n<p><strong>Gdzie wgra\u0107 logo platformy?<\/strong><\/p>\n\n\n\n<ul class=\"wp-block-list\">\n<li>Wejd\u017a w <strong>Ustawienia, <\/strong>nast\u0119pnie wybierz sekcj\u0119 <strong>G\u0142\u00f3wne<\/strong><\/li>\n\n\n\n<li>Wejd\u017a w zak\u0142adk\u0119: <strong>Podstawowe<\/strong><\/li>\n\n\n\n<li>Wgraj plik przy polu<strong> Logo platformy<\/strong>, klikaj\u0105c pole <strong>Wybierz<\/strong><\/li>\n<\/ul>\n\n\n\n<h3 class=\"wp-block-heading\"><strong>Favicon &#8211; 40x40px<\/strong><\/h3>\n\n\n\n<p>Favicon to ma\u0142a ikona wy\u015bwietlana w przegl\u0105darkach i zak\u0142adkach. Im mniejszy plik, tym lepszy. <\/p>\n\n\n\n<p>Dotychczasowe zalecenie 16x16px jest r\u00f3wnie\u017c aktualne, jednak, by u\u0142atwi\u0107 u\u017cytkownikom przygotowanie plik\u00f3w, rozmiar 40x40px b\u0119dzie tak samo odpowiedni do tego celu.<\/p>\n\n\n\n<p><strong>Gdzie wgra\u0107 favicon?<\/strong><\/p>\n\n\n\n<ul class=\"wp-block-list\">\n<li>Wejd\u017a w <strong>Ustawienia, <\/strong>nast\u0119pnie wybierz sekcj\u0119 <strong>G\u0142\u00f3wne<\/strong><\/li>\n\n\n\n<li>Wejd\u017a w zak\u0142adk\u0119: <strong>Podstawowe<\/strong><\/li>\n\n\n\n<li>Wgraj plik przy polu<strong> Favicon<\/strong>, kt\u00f3ra znajduje si\u0119 w sekcji <strong>Branding<\/strong><\/li>\n<\/ul>\n\n\n\n<p>Pami\u0119taj, by <strong>zapisa\u0107 <\/strong>wszelkie zmiany!<\/p>\n\n\n\n<h2 class=\"wp-block-heading\">Grafiki szablonu strony<\/h2>\n\n\n\n<p><strong>Ustawienia Szablonu<\/strong> to istotna cz\u0119\u015b\u0107 platformy, kt\u00f3ra umo\u017cliwia dostosowanie wygl\u0105du strony do w\u0142asnych preferencji. <\/p>\n\n\n\n<p><strong>Uwaga! <\/strong>W tych trzech polach nale\u017cy uwzgl\u0119dni\u0107 to, \u017ce na r\u00f3\u017cnych ekranach b\u0119d\u0105 si\u0119 one r\u00f3\u017cnie zachowywa\u0107. Strona wygl\u0105da nieco inaczej na monitorze komputera stacjonarnego, na ekranie laptopa, jak i na mobilnych urz\u0105dzeniach np. smartfon czy laptop. <\/p>\n\n\n\n<p><strong>Nie rekomendujemy wgrywania plik\u00f3w z istotnymi elementami wizualnymi<\/strong>, poniewa\u017c mog\u0105 one by\u0107 niewidoczne na kt\u00f3rym\u015b z urz\u0105dze\u0144 ko\u0144cowych. Je\u015bli ju\u017c, warto wgrywa\u0107 grafiki generyczne, z powtarzalnym wzorem, gdzie &#8222;obci\u0119te rogi&#8221; nie b\u0119d\u0105 stanowi\u0107 problemu.<\/p>\n\n\n<div class=\"wp-block-image\">\n<figure class=\"aligncenter size-full\"><img loading=\"lazy\" decoding=\"async\" width=\"900\" height=\"850\" src=\"https:\/\/publigo.pl\/blog\/wp-content\/uploads\/2023\/10\/Screenshot_6.png\" alt=\"\" class=\"wp-image-6633\" srcset=\"https:\/\/publigo.pl\/blog\/wp-content\/uploads\/2023\/10\/Screenshot_6.png 900w, https:\/\/publigo.pl\/blog\/wp-content\/uploads\/2023\/10\/Screenshot_6-300x283.png 300w, https:\/\/publigo.pl\/blog\/wp-content\/uploads\/2023\/10\/Screenshot_6-768x725.png 768w\" sizes=\"auto, (max-width: 900px) 100vw, 900px\" \/><figcaption class=\"wp-element-caption\">Widok ustawie\u0144 szablonu<\/figcaption><\/figure>\n<\/div>\n\n\n<h3 class=\"wp-block-heading\"><strong>Obrazek t\u0142a (t\u0142o paska menu i stopki) &#8211; 1920x150px<\/strong><\/h3>\n\n\n\n<p>Okre\u015bla wygl\u0105du g\u00f3rnej i dolnej cz\u0119\u015bci strony. Zalecana rozdzielczo\u015b\u0107 wynosi 1920x150px, co pozwala na dostosowanie obrazu do r\u00f3\u017cnych ekran\u00f3w. Sekcja ta pe\u0142ni funkcj\u0119 uzupe\u0142nienia estetyki strony.<\/p>\n\n\n\n<p><strong>Pami\u0119taj, \u017ce t\u0142o powinno by\u0107 grafik\u0105 og\u00f3ln\u0105<\/strong>, bez istotnych tre\u015bci, poniewa\u017c istnieje ryzyko, \u017ce b\u0119d\u0105 one niewidoczne na niekt\u00f3rych ekranach, zw\u0142aszcza na urz\u0105dzeniach mobilnych.<\/p>\n\n\n\n<h3 class=\"wp-block-heading\"><strong>T\u0142o strony logowania &#8211; 1920x1080px <\/strong><\/h3>\n\n\n\n<p>T\u0142o strony logowania to obrazek wykorzystywany na stronie logowania do platformy Publigo. Zalecana rozdzielczo\u015b\u0107 wynosi 1920x1080px. <\/p>\n\n\n\n<p>Podobnie jak w przypadku t\u0142a paska menu i stopki, t\u0142o strony logowania powinno by\u0107 generyczne i nie zawiera\u0107 istotnych tre\u015bci. <strong>Ma ono stanowi\u0107 atrakcyjne t\u0142o wizualne, kt\u00f3re nie wp\u0142ywa na proces logowania u\u017cytkownik\u00f3w<\/strong>, ale tworzy pozytywne wra\u017cenie.<\/p>\n\n\n\n<h3 class=\"wp-block-heading\"><strong>Obrazek t\u0142a sekcji &#8211; 1920x1080px<\/strong><\/h3>\n\n\n\n<p>Ten obrazek s\u0142u\u017cy jako t\u0142o m.in. listy kurs\u00f3w. Zalecana przez nas rozdzielczo\u015b\u0107 to r\u00f3wnie\u017c 1920x1080px. <\/p>\n\n\n\n<p>Obrazek ten nale\u017cy wybiera\u0107 bior\u0105c pod uwag\u0119<strong> zachowanie &#8222;bezpiecznych odleg\u0142o\u015bci&#8221; od kraw\u0119dzi.<\/strong> <\/p>\n\n\n\n<p>Podobnie jak w przypadku innych element\u00f3w t\u0142a, powinien by\u0107 grafik\u0105, kt\u00f3ra nie zawiera istotnych tre\u015bci, aby zapewni\u0107 czytelno\u015b\u0107 i estetyk\u0119 strony.<\/p>\n\n\n\n<h2 class=\"wp-block-heading\">Zalecane wymiary grafik &#8211; nie wym\u00f3g, a sugestia<\/h2>\n\n\n\n<p>Przygotowana lista rekomendowanych wymiar\u00f3w plik\u00f3w graficznych to nasze mocne sugestie. <strong>Mamy nadziej\u0119, \u017ce pozwol\u0105 Wam na szybkie i bezproblemowe przygotowanie swojej platformy. <\/strong><\/p>\n\n\n\n<p>Nie blokujemy mo\u017cliwo\u015bci eksperymentowania na tym polu. Nasze rekomendacje to efekt d\u0142ugich debat oraz test\u00f3w, dlatego jeste\u015bmy pewni, \u017ce b\u0119d\u0105 one adekwatne do wymaga\u0144 strony.<\/p>\n\n\n<div class=\"wp-block-image\">\n<figure class=\"aligncenter size-large\"><img loading=\"lazy\" decoding=\"async\" width=\"1024\" height=\"1024\" src=\"https:\/\/publigo.pl\/blog\/wp-content\/uploads\/2023\/10\/Aktualizacja-6.3-1024x1024.png\" alt=\"\" class=\"wp-image-6646\" srcset=\"https:\/\/publigo.pl\/blog\/wp-content\/uploads\/2023\/10\/Aktualizacja-6.3-1024x1024.png 1024w, https:\/\/publigo.pl\/blog\/wp-content\/uploads\/2023\/10\/Aktualizacja-6.3-300x300.png 300w, https:\/\/publigo.pl\/blog\/wp-content\/uploads\/2023\/10\/Aktualizacja-6.3-150x150.png 150w, https:\/\/publigo.pl\/blog\/wp-content\/uploads\/2023\/10\/Aktualizacja-6.3-768x768.png 768w, https:\/\/publigo.pl\/blog\/wp-content\/uploads\/2023\/10\/Aktualizacja-6.3.png 1080w\" sizes=\"auto, (max-width: 1024px) 100vw, 1024px\" \/><figcaption class=\"wp-element-caption\">Zalecane wymiary grafik<\/figcaption><\/figure>\n<\/div>\n\n\n<hr class=\"wp-block-separator has-alpha-channel-opacity\"\/>\n\n\n\n<p>Naj\u015bwie\u017csze informacje o Publigo znajdziesz na Facebooku.&nbsp;<a href=\"https:\/\/www.facebook.com\/publigopl\/\" target=\"_blank\" rel=\"noreferrer noopener\">Obserwuj nas<\/a>!<\/p>\n","protected":false},"excerpt":{"rendered":"<p>Cz\u0119sto pytacie nas o zalecany wymiary grafik, kt\u00f3re mo\u017cna wgra\u0107 do Publigo. Postanowili\u015bmy wi\u0119c przyjrze\u0107 si\u0119 temu zagadnieniu i zaktualizowa\u0107 informacje, aby odpowiada\u0142y obecnym standardom rozdzielczo\u015bci i mia\u0142y pozytywny wp\u0142yw na odbi\u00f3r wizualny waszych kurs\u00f3w. Ale na pocz\u0105tek\u2026 disclaimer.<\/p>\n","protected":false},"author":11,"featured_media":6644,"comment_status":"open","ping_status":"open","sticky":false,"template":"","format":"standard","meta":{"_acf_changed":false,"inline_featured_image":false,"footnotes":""},"categories":[1],"tags":[235,123,236,237,239,238],"class_list":["post-6628","post","type-post","status-publish","format-standard","has-post-thumbnail","hentry","category-kursy-online","tag-grafiki","tag-must-read","tag-obrazki","tag-rekomendacje","tag-ustawienia","tag-zalecenia"],"acf":[],"yoast_head":"<!-- This site is optimized with the Yoast SEO plugin v27.5 - https:\/\/yoast.com\/product\/yoast-seo-wordpress\/ -->\n<title>Zalecane wymiary grafik w Publigo - Publigo<\/title>\n<meta name=\"description\" content=\"Dalej zastanawiasz si\u0119, jakie s\u0105 przez nas zalecane wymiary grafik w Publigo? Ju\u017c nie musisz, mamy dla Ciebie gotow\u0105 odpowied\u017a!\" \/>\n<meta name=\"robots\" content=\"index, follow, max-snippet:-1, max-image-preview:large, max-video-preview:-1\" \/>\n<link rel=\"canonical\" href=\"https:\/\/publigo.pl\/blog\/zalecane-wymiary-grafik-w-publigo\/\" \/>\n<meta property=\"og:locale\" content=\"pl_PL\" \/>\n<meta property=\"og:type\" content=\"article\" \/>\n<meta property=\"og:title\" content=\"Zalecane wymiary grafik w Publigo - Publigo\" \/>\n<meta property=\"og:description\" content=\"Dalej zastanawiasz si\u0119, jakie s\u0105 przez nas zalecane wymiary grafik w Publigo? Ju\u017c nie musisz, mamy dla Ciebie gotow\u0105 odpowied\u017a!\" \/>\n<meta property=\"og:url\" content=\"https:\/\/publigo.pl\/blog\/zalecane-wymiary-grafik-w-publigo\/\" \/>\n<meta property=\"og:site_name\" content=\"Publigo\" \/>\n<meta property=\"article:publisher\" content=\"https:\/\/www.facebook.com\/publigopl\" \/>\n<meta property=\"article:published_time\" content=\"2023-10-04T08:11:19+00:00\" \/>\n<meta property=\"article:modified_time\" content=\"2026-02-13T10:23:53+00:00\" \/>\n<meta property=\"og:image\" content=\"https:\/\/publigo.pl\/blog\/wp-content\/uploads\/2023\/10\/grafiki.png\" \/>\n\t<meta property=\"og:image:width\" content=\"1156\" \/>\n\t<meta property=\"og:image:height\" content=\"605\" \/>\n\t<meta property=\"og:image:type\" content=\"image\/png\" \/>\n<meta name=\"author\" content=\"Magdalena \u015awider\" \/>\n<meta name=\"twitter:card\" content=\"summary_large_image\" \/>\n<meta name=\"twitter:label1\" content=\"Napisane przez\" \/>\n\t<meta name=\"twitter:data1\" content=\"Magdalena \u015awider\" \/>\n\t<meta name=\"twitter:label2\" content=\"Szacowany czas czytania\" \/>\n\t<meta name=\"twitter:data2\" content=\"7 minut\" \/>\n<script type=\"application\/ld+json\" class=\"yoast-schema-graph\">{\"@context\":\"https:\\\/\\\/schema.org\",\"@graph\":[{\"@type\":\"Article\",\"@id\":\"https:\\\/\\\/publigo.pl\\\/blog\\\/zalecane-wymiary-grafik-w-publigo\\\/#article\",\"isPartOf\":{\"@id\":\"https:\\\/\\\/publigo.pl\\\/blog\\\/zalecane-wymiary-grafik-w-publigo\\\/\"},\"author\":{\"name\":\"Magdalena \u015awider\",\"@id\":\"https:\\\/\\\/publigo.pl\\\/blog\\\/#\\\/schema\\\/person\\\/f42273bcb7df4973f7414414b167c0e4\"},\"headline\":\"Zalecane wymiary grafik w Publigo\",\"datePublished\":\"2023-10-04T08:11:19+00:00\",\"dateModified\":\"2026-02-13T10:23:53+00:00\",\"mainEntityOfPage\":{\"@id\":\"https:\\\/\\\/publigo.pl\\\/blog\\\/zalecane-wymiary-grafik-w-publigo\\\/\"},\"wordCount\":1063,\"commentCount\":0,\"publisher\":{\"@id\":\"https:\\\/\\\/publigo.pl\\\/blog\\\/#organization\"},\"image\":{\"@id\":\"https:\\\/\\\/publigo.pl\\\/blog\\\/zalecane-wymiary-grafik-w-publigo\\\/#primaryimage\"},\"thumbnailUrl\":\"https:\\\/\\\/publigo.pl\\\/blog\\\/wp-content\\\/uploads\\\/2023\\\/10\\\/grafiki.png\",\"keywords\":[\"grafiki\",\"must read\",\"obrazki\",\"rekomendacje\",\"ustawienia\",\"zalecenia\"],\"articleSection\":[\"Kursy\"],\"inLanguage\":\"pl-PL\",\"potentialAction\":[{\"@type\":\"CommentAction\",\"name\":\"Comment\",\"target\":[\"https:\\\/\\\/publigo.pl\\\/blog\\\/zalecane-wymiary-grafik-w-publigo\\\/#respond\"]}]},{\"@type\":\"WebPage\",\"@id\":\"https:\\\/\\\/publigo.pl\\\/blog\\\/zalecane-wymiary-grafik-w-publigo\\\/\",\"url\":\"https:\\\/\\\/publigo.pl\\\/blog\\\/zalecane-wymiary-grafik-w-publigo\\\/\",\"name\":\"Zalecane wymiary grafik w Publigo - Publigo\",\"isPartOf\":{\"@id\":\"https:\\\/\\\/publigo.pl\\\/blog\\\/#website\"},\"primaryImageOfPage\":{\"@id\":\"https:\\\/\\\/publigo.pl\\\/blog\\\/zalecane-wymiary-grafik-w-publigo\\\/#primaryimage\"},\"image\":{\"@id\":\"https:\\\/\\\/publigo.pl\\\/blog\\\/zalecane-wymiary-grafik-w-publigo\\\/#primaryimage\"},\"thumbnailUrl\":\"https:\\\/\\\/publigo.pl\\\/blog\\\/wp-content\\\/uploads\\\/2023\\\/10\\\/grafiki.png\",\"datePublished\":\"2023-10-04T08:11:19+00:00\",\"dateModified\":\"2026-02-13T10:23:53+00:00\",\"description\":\"Dalej zastanawiasz si\u0119, jakie s\u0105 przez nas zalecane wymiary grafik w Publigo? Ju\u017c nie musisz, mamy dla Ciebie gotow\u0105 odpowied\u017a!\",\"breadcrumb\":{\"@id\":\"https:\\\/\\\/publigo.pl\\\/blog\\\/zalecane-wymiary-grafik-w-publigo\\\/#breadcrumb\"},\"inLanguage\":\"pl-PL\",\"potentialAction\":[{\"@type\":\"ReadAction\",\"target\":[\"https:\\\/\\\/publigo.pl\\\/blog\\\/zalecane-wymiary-grafik-w-publigo\\\/\"]}]},{\"@type\":\"ImageObject\",\"inLanguage\":\"pl-PL\",\"@id\":\"https:\\\/\\\/publigo.pl\\\/blog\\\/zalecane-wymiary-grafik-w-publigo\\\/#primaryimage\",\"url\":\"https:\\\/\\\/publigo.pl\\\/blog\\\/wp-content\\\/uploads\\\/2023\\\/10\\\/grafiki.png\",\"contentUrl\":\"https:\\\/\\\/publigo.pl\\\/blog\\\/wp-content\\\/uploads\\\/2023\\\/10\\\/grafiki.png\",\"width\":1156,\"height\":605},{\"@type\":\"BreadcrumbList\",\"@id\":\"https:\\\/\\\/publigo.pl\\\/blog\\\/zalecane-wymiary-grafik-w-publigo\\\/#breadcrumb\",\"itemListElement\":[{\"@type\":\"ListItem\",\"position\":1,\"name\":\"Home\",\"item\":\"https:\\\/\\\/publigo.pl\\\/blog\\\/\"},{\"@type\":\"ListItem\",\"position\":2,\"name\":\"Zalecane wymiary grafik w Publigo\"}]},{\"@type\":\"WebSite\",\"@id\":\"https:\\\/\\\/publigo.pl\\\/blog\\\/#website\",\"url\":\"https:\\\/\\\/publigo.pl\\\/blog\\\/\",\"name\":\"Publigo\",\"description\":\"System obs\u0142ugi kurs\u00f3w internetowych\",\"publisher\":{\"@id\":\"https:\\\/\\\/publigo.pl\\\/blog\\\/#organization\"},\"potentialAction\":[{\"@type\":\"SearchAction\",\"target\":{\"@type\":\"EntryPoint\",\"urlTemplate\":\"https:\\\/\\\/publigo.pl\\\/blog\\\/?s={search_term_string}\"},\"query-input\":{\"@type\":\"PropertyValueSpecification\",\"valueRequired\":true,\"valueName\":\"search_term_string\"}}],\"inLanguage\":\"pl-PL\"},{\"@type\":\"Organization\",\"@id\":\"https:\\\/\\\/publigo.pl\\\/blog\\\/#organization\",\"name\":\"Publigo\",\"url\":\"https:\\\/\\\/publigo.pl\\\/blog\\\/\",\"logo\":{\"@type\":\"ImageObject\",\"inLanguage\":\"pl-PL\",\"@id\":\"https:\\\/\\\/publigo.pl\\\/blog\\\/#\\\/schema\\\/logo\\\/image\\\/\",\"url\":\"https:\\\/\\\/publigo.pl\\\/blog\\\/wp-content\\\/uploads\\\/2022\\\/11\\\/logo.png\",\"contentUrl\":\"https:\\\/\\\/publigo.pl\\\/blog\\\/wp-content\\\/uploads\\\/2022\\\/11\\\/logo.png\",\"width\":204,\"height\":56,\"caption\":\"Publigo\"},\"image\":{\"@id\":\"https:\\\/\\\/publigo.pl\\\/blog\\\/#\\\/schema\\\/logo\\\/image\\\/\"},\"sameAs\":[\"https:\\\/\\\/www.facebook.com\\\/publigopl\",\"https:\\\/\\\/www.linkedin.com\\\/showcase\\\/publigopl\"]},{\"@type\":\"Person\",\"@id\":\"https:\\\/\\\/publigo.pl\\\/blog\\\/#\\\/schema\\\/person\\\/f42273bcb7df4973f7414414b167c0e4\",\"name\":\"Magdalena \u015awider\",\"image\":{\"@type\":\"ImageObject\",\"inLanguage\":\"pl-PL\",\"@id\":\"https:\\\/\\\/secure.gravatar.com\\\/avatar\\\/1e730477588305e85a642a1d960733493d5c25775727fd2bfc42f09fe68b7573?s=96&d=mm&r=g\",\"url\":\"https:\\\/\\\/secure.gravatar.com\\\/avatar\\\/1e730477588305e85a642a1d960733493d5c25775727fd2bfc42f09fe68b7573?s=96&d=mm&r=g\",\"contentUrl\":\"https:\\\/\\\/secure.gravatar.com\\\/avatar\\\/1e730477588305e85a642a1d960733493d5c25775727fd2bfc42f09fe68b7573?s=96&d=mm&r=g\",\"caption\":\"Magdalena \u015awider\"},\"url\":\"https:\\\/\\\/publigo.pl\\\/blog\\\/author\\\/mswider-businessgmail-com\\\/\"}]}<\/script>\n<!-- \/ Yoast SEO plugin. -->","yoast_head_json":{"title":"Zalecane wymiary grafik w Publigo - Publigo","description":"Dalej zastanawiasz si\u0119, jakie s\u0105 przez nas zalecane wymiary grafik w Publigo? Ju\u017c nie musisz, mamy dla Ciebie gotow\u0105 odpowied\u017a!","robots":{"index":"index","follow":"follow","max-snippet":"max-snippet:-1","max-image-preview":"max-image-preview:large","max-video-preview":"max-video-preview:-1"},"canonical":"https:\/\/publigo.pl\/blog\/zalecane-wymiary-grafik-w-publigo\/","og_locale":"pl_PL","og_type":"article","og_title":"Zalecane wymiary grafik w Publigo - Publigo","og_description":"Dalej zastanawiasz si\u0119, jakie s\u0105 przez nas zalecane wymiary grafik w Publigo? Ju\u017c nie musisz, mamy dla Ciebie gotow\u0105 odpowied\u017a!","og_url":"https:\/\/publigo.pl\/blog\/zalecane-wymiary-grafik-w-publigo\/","og_site_name":"Publigo","article_publisher":"https:\/\/www.facebook.com\/publigopl","article_published_time":"2023-10-04T08:11:19+00:00","article_modified_time":"2026-02-13T10:23:53+00:00","og_image":[{"width":1156,"height":605,"url":"https:\/\/publigo.pl\/blog\/wp-content\/uploads\/2023\/10\/grafiki.png","type":"image\/png"}],"author":"Magdalena \u015awider","twitter_card":"summary_large_image","twitter_misc":{"Napisane przez":"Magdalena \u015awider","Szacowany czas czytania":"7 minut"},"schema":{"@context":"https:\/\/schema.org","@graph":[{"@type":"Article","@id":"https:\/\/publigo.pl\/blog\/zalecane-wymiary-grafik-w-publigo\/#article","isPartOf":{"@id":"https:\/\/publigo.pl\/blog\/zalecane-wymiary-grafik-w-publigo\/"},"author":{"name":"Magdalena \u015awider","@id":"https:\/\/publigo.pl\/blog\/#\/schema\/person\/f42273bcb7df4973f7414414b167c0e4"},"headline":"Zalecane wymiary grafik w Publigo","datePublished":"2023-10-04T08:11:19+00:00","dateModified":"2026-02-13T10:23:53+00:00","mainEntityOfPage":{"@id":"https:\/\/publigo.pl\/blog\/zalecane-wymiary-grafik-w-publigo\/"},"wordCount":1063,"commentCount":0,"publisher":{"@id":"https:\/\/publigo.pl\/blog\/#organization"},"image":{"@id":"https:\/\/publigo.pl\/blog\/zalecane-wymiary-grafik-w-publigo\/#primaryimage"},"thumbnailUrl":"https:\/\/publigo.pl\/blog\/wp-content\/uploads\/2023\/10\/grafiki.png","keywords":["grafiki","must read","obrazki","rekomendacje","ustawienia","zalecenia"],"articleSection":["Kursy"],"inLanguage":"pl-PL","potentialAction":[{"@type":"CommentAction","name":"Comment","target":["https:\/\/publigo.pl\/blog\/zalecane-wymiary-grafik-w-publigo\/#respond"]}]},{"@type":"WebPage","@id":"https:\/\/publigo.pl\/blog\/zalecane-wymiary-grafik-w-publigo\/","url":"https:\/\/publigo.pl\/blog\/zalecane-wymiary-grafik-w-publigo\/","name":"Zalecane wymiary grafik w Publigo - Publigo","isPartOf":{"@id":"https:\/\/publigo.pl\/blog\/#website"},"primaryImageOfPage":{"@id":"https:\/\/publigo.pl\/blog\/zalecane-wymiary-grafik-w-publigo\/#primaryimage"},"image":{"@id":"https:\/\/publigo.pl\/blog\/zalecane-wymiary-grafik-w-publigo\/#primaryimage"},"thumbnailUrl":"https:\/\/publigo.pl\/blog\/wp-content\/uploads\/2023\/10\/grafiki.png","datePublished":"2023-10-04T08:11:19+00:00","dateModified":"2026-02-13T10:23:53+00:00","description":"Dalej zastanawiasz si\u0119, jakie s\u0105 przez nas zalecane wymiary grafik w Publigo? Ju\u017c nie musisz, mamy dla Ciebie gotow\u0105 odpowied\u017a!","breadcrumb":{"@id":"https:\/\/publigo.pl\/blog\/zalecane-wymiary-grafik-w-publigo\/#breadcrumb"},"inLanguage":"pl-PL","potentialAction":[{"@type":"ReadAction","target":["https:\/\/publigo.pl\/blog\/zalecane-wymiary-grafik-w-publigo\/"]}]},{"@type":"ImageObject","inLanguage":"pl-PL","@id":"https:\/\/publigo.pl\/blog\/zalecane-wymiary-grafik-w-publigo\/#primaryimage","url":"https:\/\/publigo.pl\/blog\/wp-content\/uploads\/2023\/10\/grafiki.png","contentUrl":"https:\/\/publigo.pl\/blog\/wp-content\/uploads\/2023\/10\/grafiki.png","width":1156,"height":605},{"@type":"BreadcrumbList","@id":"https:\/\/publigo.pl\/blog\/zalecane-wymiary-grafik-w-publigo\/#breadcrumb","itemListElement":[{"@type":"ListItem","position":1,"name":"Home","item":"https:\/\/publigo.pl\/blog\/"},{"@type":"ListItem","position":2,"name":"Zalecane wymiary grafik w Publigo"}]},{"@type":"WebSite","@id":"https:\/\/publigo.pl\/blog\/#website","url":"https:\/\/publigo.pl\/blog\/","name":"Publigo","description":"System obs\u0142ugi kurs\u00f3w internetowych","publisher":{"@id":"https:\/\/publigo.pl\/blog\/#organization"},"potentialAction":[{"@type":"SearchAction","target":{"@type":"EntryPoint","urlTemplate":"https:\/\/publigo.pl\/blog\/?s={search_term_string}"},"query-input":{"@type":"PropertyValueSpecification","valueRequired":true,"valueName":"search_term_string"}}],"inLanguage":"pl-PL"},{"@type":"Organization","@id":"https:\/\/publigo.pl\/blog\/#organization","name":"Publigo","url":"https:\/\/publigo.pl\/blog\/","logo":{"@type":"ImageObject","inLanguage":"pl-PL","@id":"https:\/\/publigo.pl\/blog\/#\/schema\/logo\/image\/","url":"https:\/\/publigo.pl\/blog\/wp-content\/uploads\/2022\/11\/logo.png","contentUrl":"https:\/\/publigo.pl\/blog\/wp-content\/uploads\/2022\/11\/logo.png","width":204,"height":56,"caption":"Publigo"},"image":{"@id":"https:\/\/publigo.pl\/blog\/#\/schema\/logo\/image\/"},"sameAs":["https:\/\/www.facebook.com\/publigopl","https:\/\/www.linkedin.com\/showcase\/publigopl"]},{"@type":"Person","@id":"https:\/\/publigo.pl\/blog\/#\/schema\/person\/f42273bcb7df4973f7414414b167c0e4","name":"Magdalena \u015awider","image":{"@type":"ImageObject","inLanguage":"pl-PL","@id":"https:\/\/secure.gravatar.com\/avatar\/1e730477588305e85a642a1d960733493d5c25775727fd2bfc42f09fe68b7573?s=96&d=mm&r=g","url":"https:\/\/secure.gravatar.com\/avatar\/1e730477588305e85a642a1d960733493d5c25775727fd2bfc42f09fe68b7573?s=96&d=mm&r=g","contentUrl":"https:\/\/secure.gravatar.com\/avatar\/1e730477588305e85a642a1d960733493d5c25775727fd2bfc42f09fe68b7573?s=96&d=mm&r=g","caption":"Magdalena \u015awider"},"url":"https:\/\/publigo.pl\/blog\/author\/mswider-businessgmail-com\/"}]}},"_links":{"self":[{"href":"https:\/\/publigo.pl\/blog\/wp-json\/wp\/v2\/posts\/6628","targetHints":{"allow":["GET"]}}],"collection":[{"href":"https:\/\/publigo.pl\/blog\/wp-json\/wp\/v2\/posts"}],"about":[{"href":"https:\/\/publigo.pl\/blog\/wp-json\/wp\/v2\/types\/post"}],"author":[{"embeddable":true,"href":"https:\/\/publigo.pl\/blog\/wp-json\/wp\/v2\/users\/11"}],"replies":[{"embeddable":true,"href":"https:\/\/publigo.pl\/blog\/wp-json\/wp\/v2\/comments?post=6628"}],"version-history":[{"count":1,"href":"https:\/\/publigo.pl\/blog\/wp-json\/wp\/v2\/posts\/6628\/revisions"}],"predecessor-version":[{"id":8106,"href":"https:\/\/publigo.pl\/blog\/wp-json\/wp\/v2\/posts\/6628\/revisions\/8106"}],"wp:featuredmedia":[{"embeddable":true,"href":"https:\/\/publigo.pl\/blog\/wp-json\/wp\/v2\/media\/6644"}],"wp:attachment":[{"href":"https:\/\/publigo.pl\/blog\/wp-json\/wp\/v2\/media?parent=6628"}],"wp:term":[{"taxonomy":"category","embeddable":true,"href":"https:\/\/publigo.pl\/blog\/wp-json\/wp\/v2\/categories?post=6628"},{"taxonomy":"post_tag","embeddable":true,"href":"https:\/\/publigo.pl\/blog\/wp-json\/wp\/v2\/tags?post=6628"}],"curies":[{"name":"wp","href":"https:\/\/api.w.org\/{rel}","templated":true}]}}